{"id":24016,"date":"2025-04-05T10:13:56","date_gmt":"2025-04-05T08:13:56","guid":{"rendered":"https:\/\/cottage.cz\/?p=24016"},"modified":"2025-04-05T10:13:58","modified_gmt":"2025-04-05T08:13:58","slug":"lato-2025-poznaj-z-rodzina-piekno-czeskiej-szwajcarii-i-gor-luzyckich","status":"publish","type":"post","link":"https:\/\/cottage.cz\/pl\/lato-2025-poznaj-z-rodzina-piekno-czeskiej-szwajcarii-i-gor-luzyckich\/","title":{"rendered":"Lato 2025: Poznaj z rodzin\u0105 pi\u0119kno Czeskiej Szwajcarii i G\u00f3r \u0141u\u017cyckich"},"content":{"rendered":"\n<p class=\"wp-block-paragraph\" id=\"tw-target-text\"><\/p>\n\n\n\n<figure class=\"wp-block-image size-large\"><img decoding=\"async\" width=\"1024\" height=\"432\" data-src=\"https:\/\/cottage.cz\/wp-content\/uploads\/2024\/11\/IMG_9484-1024x432.jpg\" alt=\"\" class=\"wp-image-24022 lazyload\" data-srcset=\"https:\/\/cottage.cz\/wp-content\/uploads\/2024\/11\/IMG_9484-1024x432.jpg 1024w, https:\/\/cottage.cz\/wp-content\/uploads\/2024\/11\/IMG_9484-300x127.jpg 300w, https:\/\/cottage.cz\/wp-content\/uploads\/2024\/11\/IMG_9484-768x324.jpg 768w, https:\/\/cottage.cz\/wp-content\/uploads\/2024\/11\/IMG_9484-1536x649.jpg 1536w, https:\/\/cottage.cz\/wp-content\/uploads\/2024\/11\/IMG_9484-2048x865.jpg 2048w\" data-sizes=\"(max-width: 1024px) 100vw, 1024px\" src=\"data:image\/svg+xml;base64,PHN2ZyB3aWR0aD0iMSIgaGVpZ2h0PSIxIiB4bWxucz0iaHR0cDovL3d3dy53My5vcmcvMjAwMC9zdmciPjwvc3ZnPg==\" style=\"--smush-placeholder-width: 1024px; --smush-placeholder-aspect-ratio: 1024\/432;\" \/><\/figure>\n\n\n\n<p class=\"wp-block-paragraph\">Lato w Czeskiej Szwajcarii i g\u00f3rach Lusitz oferuje szereg atrakcji dla rodzin z dzie\u0107mi. Region ten jest pe\u0142en niezwyk\u0142ej przyrody, nadmorskich kurort\u00f3w i atrakcji, kt\u00f3re zachwycaj\u0105 zar\u00f3wno ma\u0142ych, jak i starszych turyst\u00f3w. Na naszej stronie znajdziesz porady dotycz\u0105ce wycieczek i zaj\u0119\u0107 rodzinnych, kt\u00f3re pomog\u0105 Ci zaplanowa\u0107 idealny rodzinny wyjazd. Oto kilka najwa\u017cniejszych wydarze\u0144:<\/p>\n\n\n\n<p class=\"wp-block-paragraph\"><strong>Wycieczki pe\u0142ne przyg\u00f3d<\/strong><\/p>\n\n\n\n<ol class=\"wp-block-list\">\n<li>Tisk\u00e9 St\u011bny to jeden z najwspanialszych skarb\u00f3w przyrody Czeskiej Szwajcarii. Labirynt skalnych przej\u015b\u0107 oraz formacje przypominaj\u0105ce zwierz\u0119ta i figurki zapewniaj\u0105 nieko\u0144cz\u0105c\u0105 si\u0119 zabaw\u0119 dzieciom, kt\u00f3re mog\u0105 odkrywa\u0107 ukryte zak\u0105tki tego skalnego miasta<br><br><img decoding=\"async\" width=\"763\" height=\"524\" class=\"wp-image-5068 lazyload\" data-src=\"https:\/\/cottage.cz\/wp-content\/uploads\/2018\/05\/06-Skaln\u00ed-h\u0159ib-Tis\u00e1-foto-Z.-Patzelt.jpg\" alt=\"\" data-srcset=\"https:\/\/cottage.cz\/wp-content\/uploads\/2018\/05\/06-Skaln\u00ed-h\u0159ib-Tis\u00e1-foto-Z.-Patzelt.jpg 763w, https:\/\/cottage.cz\/wp-content\/uploads\/2018\/05\/06-Skaln\u00ed-h\u0159ib-Tis\u00e1-foto-Z.-Patzelt-300x206.jpg 300w\" data-sizes=\"(max-width: 763px) 100vw, 763px\" src=\"data:image\/svg+xml;base64,PHN2ZyB3aWR0aD0iMSIgaGVpZ2h0PSIxIiB4bWxucz0iaHR0cDovL3d3dy53My5vcmcvMjAwMC9zdmciPjwvc3ZnPg==\" style=\"--smush-placeholder-width: 763px; --smush-placeholder-aspect-ratio: 763\/524;\" \/><br><strong>Uwa\u017caj na g\u00f3r\u0119 Kl\u00ed\u010d.<\/strong> Czwarty co do wysoko\u015bci szczyt G\u00f3r \u0141u\u017cyckich to idealne miejsce na rodzinny wypad. Oferuje wspania\u0142e widoki i \u0142atw\u0105 \u015bcie\u017ck\u0119 odpowiedni\u0105 nawet dla ma\u0142ych dzieci. Trasa prowadzi przez pi\u0119kn\u0105 przyrod\u0119 i nagradza zapieraj\u0105cym dech w piersiach widokiem na okolic\u0119.<br><br><img decoding=\"async\" width=\"800\" height=\"533\" class=\"wp-image-23964 lazyload\" data-src=\"https:\/\/cottage.cz\/wp-content\/uploads\/2024\/11\/luzicke-hory-klic-2.jpg\" alt=\"\" data-srcset=\"https:\/\/cottage.cz\/wp-content\/uploads\/2024\/11\/luzicke-hory-klic-2.jpg 800w, https:\/\/cottage.cz\/wp-content\/uploads\/2024\/11\/luzicke-hory-klic-2-300x200.jpg 300w, https:\/\/cottage.cz\/wp-content\/uploads\/2024\/11\/luzicke-hory-klic-2-768x512.jpg 768w\" data-sizes=\"(max-width: 800px) 100vw, 800px\" src=\"data:image\/svg+xml;base64,PHN2ZyB3aWR0aD0iMSIgaGVpZ2h0PSIxIiB4bWxucz0iaHR0cDovL3d3dy53My5vcmcvMjAwMC9zdmciPjwvc3ZnPg==\" style=\"--smush-placeholder-width: 800px; --smush-placeholder-aspect-ratio: 800\/533;\" \/><br><\/li>\n\n\n\n<li>Wycieczka rowerowa do Olbersdorfer See. Dla rodzin lubi\u0105cych aktywny wypoczynek doskona\u0142ym wyborem b\u0119dzie przeja\u017cd\u017cka rowerowa wzd\u0142u\u017c rzeki Mandava. Trasa prowadzi do miasta Zittau i obejmuje mo\u017cliwo\u015b\u0107 k\u0105pieli na piaszczystych pla\u017cach Olbersdorfer See.<br><\/li>\n<\/ol>\n\n\n\n<figure class=\"wp-block-image size-large\"><img decoding=\"async\" width=\"1024\" height=\"768\" data-src=\"https:\/\/cottage.cz\/wp-content\/uploads\/2024\/10\/IMG_1303-1-1024x768.jpg\" alt=\"\" class=\"wp-image-23757 lazyload\" data-srcset=\"https:\/\/cottage.cz\/wp-content\/uploads\/2024\/10\/IMG_1303-1-1024x768.jpg 1024w, https:\/\/cottage.cz\/wp-content\/uploads\/2024\/10\/IMG_1303-1-300x225.jpg 300w, https:\/\/cottage.cz\/wp-content\/uploads\/2024\/10\/IMG_1303-1-768x576.jpg 768w, https:\/\/cottage.cz\/wp-content\/uploads\/2024\/10\/IMG_1303-1-1536x1152.jpg 1536w, https:\/\/cottage.cz\/wp-content\/uploads\/2024\/10\/IMG_1303-1-2048x1536.jpg 2048w\" data-sizes=\"(max-width: 1024px) 100vw, 1024px\" src=\"data:image\/svg+xml;base64,PHN2ZyB3aWR0aD0iMSIgaGVpZ2h0PSIxIiB4bWxucz0iaHR0cDovL3d3dy53My5vcmcvMjAwMC9zdmciPjwvc3ZnPg==\" style=\"--smush-placeholder-width: 1024px; --smush-placeholder-aspect-ratio: 1024\/768;\" \/><\/figure>\n\n\n\n<h3 class=\"wp-block-heading\">Zabawne i tw\u00f3rcze zaj\u0119cia<\/h3>\n\n\n\n<ol class=\"wp-block-list\">\n<li>Warsztaty Czekolady Mana w Kr\u00e1snej L\u00edpie. Dzieci mog\u0105 tworzy\u0107 w\u0142asne czekoladowe pami\u0105tki w Mana Chocolate Workshop. Jest to do\u015bwiadczenie \u0142\u0105cz\u0105ce kreatywno\u015b\u0107 i zabaw\u0119. Po przygotowaniu wyj\u0105tkowych wyrob\u00f3w czekoladowych odwied\u017a Dom Czeskiej Szwajcarii, gdzie dzieci mog\u0105 ogl\u0105da\u0107 interaktywne eksponaty dotycz\u0105ce przyrody i historii regionu. Aby uzyska\u0107 wi\u0119cej informacji, odwied\u017a stron\u0119 Warsztatu Mana Chocolate.<br><\/li>\n\n\n\n<li>Produkcja perfum w Nobilis Tilia. Kolejnym ekscytuj\u0105cym zaj\u0119ciem dla dzieci s\u0105 warsztaty perfumeryjne, kt\u00f3re \u0142\u0105cz\u0105 nauk\u0119 i sztuk\u0119. Dzieci mog\u0105 stworzy\u0107 sw\u00f3j w\u0142asny, charakterystyczny zapach, ucz\u0105c si\u0119 o olejkach eterycznych i ich zastosowaniach. Szczeg\u00f3\u0142y tej dzia\u0142alno\u015bci mo\u017cna znale\u017a\u0107 na stronie po\u015bwi\u0119conej tworzeniu perfum.<br><br><img decoding=\"async\" width=\"1024\" height=\"683\" class=\"wp-image-10556 lazyload\" data-src=\"https:\/\/cottage.cz\/wp-content\/uploads\/2023\/08\/nobilis-tilia-1024x683.jpg\" alt=\"\" data-srcset=\"https:\/\/cottage.cz\/wp-content\/uploads\/2023\/08\/nobilis-tilia-1024x683.jpg 1024w, https:\/\/cottage.cz\/wp-content\/uploads\/2023\/08\/nobilis-tilia-300x200.jpg 300w, https:\/\/cottage.cz\/wp-content\/uploads\/2023\/08\/nobilis-tilia-768x512.jpg 768w, https:\/\/cottage.cz\/wp-content\/uploads\/2023\/08\/nobilis-tilia-1320x881.jpg 1320w, https:\/\/cottage.cz\/wp-content\/uploads\/2023\/08\/nobilis-tilia.jpg 1379w\" data-sizes=\"(max-width: 1024px) 100vw, 1024px\" src=\"data:image\/svg+xml;base64,PHN2ZyB3aWR0aD0iMSIgaGVpZ2h0PSIxIiB4bWxucz0iaHR0cDovL3d3dy53My5vcmcvMjAwMC9zdmciPjwvc3ZnPg==\" style=\"--smush-placeholder-width: 1024px; --smush-placeholder-aspect-ratio: 1024\/683;\" \/><br><\/li>\n\n\n\n<li><strong>Zwiedzanie fabryki w\u0142\u00f3kienniczej<\/strong><br>Poznaj niezwyk\u0142\u0105 tradycj\u0119 przemys\u0142u tekstylnego w Kr\u00e1snej L\u00edpie, kt\u00f3ra wci\u0105\u017c kwitnie w fabryce dziewiarskiej Schindler. Za\u0142o\u017cona w 1854 roku, jest ostatni\u0105 dzia\u0142aj\u0105c\u0105 dziewiarni\u0105 przemys\u0142ow\u0105 w Republice Czeskiej.<br><\/li>\n<\/ol>\n\n\n\n<figure class=\"wp-block-image size-large\"><img decoding=\"async\" width=\"1024\" height=\"683\" data-src=\"https:\/\/cottage.cz\/wp-content\/uploads\/2024\/11\/Resize-of-HORKA24-25-1024x683.jpg\" alt=\"\" class=\"wp-image-23957 lazyload\" data-srcset=\"https:\/\/cottage.cz\/wp-content\/uploads\/2024\/11\/Resize-of-HORKA24-25-1024x683.jpg 1024w, https:\/\/cottage.cz\/wp-content\/uploads\/2024\/11\/Resize-of-HORKA24-25-300x200.jpg 300w, https:\/\/cottage.cz\/wp-content\/uploads\/2024\/11\/Resize-of-HORKA24-25-768x512.jpg 768w, https:\/\/cottage.cz\/wp-content\/uploads\/2024\/11\/Resize-of-HORKA24-25-1536x1024.jpg 1536w, https:\/\/cottage.cz\/wp-content\/uploads\/2024\/11\/Resize-of-HORKA24-25.jpg 1800w\" data-sizes=\"(max-width: 1024px) 100vw, 1024px\" src=\"data:image\/svg+xml;base64,PHN2ZyB3aWR0aD0iMSIgaGVpZ2h0PSIxIiB4bWxucz0iaHR0cDovL3d3dy53My5vcmcvMjAwMC9zdmciPjwvc3ZnPg==\" style=\"--smush-placeholder-width: 1024px; --smush-placeholder-aspect-ratio: 1024\/683;\" \/><\/figure>\n\n\n\n<h3 class=\"wp-block-heading\"><strong>P\u0142ywanie i relaks<\/strong><\/h3>\n\n\n\n<ol class=\"wp-block-list\">\n<li>Tama Cimrak. Je\u015bli szukasz miejsca na och\u0142od\u0119, Staw Cimr\u00e1k b\u0119dzie doskona\u0142ym wyborem. Ten naturalny staw jest idealnym miejscem na rodzinny relaks i pikniki. Wi\u0119cej informacji o tej lokalizacji znajdziesz na stronie Staw Cimr\u00e1k.<\/li>\n\n\n\n<li>Olbersdorfer See. Podczas wycieczki rowerowej do Olbersdorfer See mo\u017cesz cieszy\u0107 si\u0119 nie tylko k\u0105piel\u0105, ale tak\u017ce relaksem na piaszczystych pla\u017cach przypominaj\u0105cych morze, z placami zabaw i innymi atrakcjami. Wi\u0119cej o jeziorze i jego okolicach dowiesz si\u0119 podczas wycieczki rowerowej do Olbersdorfer. Patrz strona.<\/li>\n\n\n\n<li>Prywatny klub spo\u0142eczno\u015bciowy Otu\u017eov\u00e1rna. Ciesz si\u0119 p\u0142ywaniem przez ca\u0142y rok z udogodnieniami, kt\u00f3re obejmuj\u0105 saun\u0119 fi\u0144sk\u0105 opalan\u0105 drewnem i miejsce na piknik.<br><br><\/li>\n<\/ol>\n\n\n\n<figure class=\"wp-block-image size-large\"><img decoding=\"async\" width=\"1024\" height=\"768\" data-src=\"https:\/\/cottage.cz\/wp-content\/uploads\/2024\/10\/20241024_143605-1024x768.jpg\" alt=\"\" class=\"wp-image-23815 lazyload\" data-srcset=\"https:\/\/cottage.cz\/wp-content\/uploads\/2024\/10\/20241024_143605-1024x768.jpg 1024w, https:\/\/cottage.cz\/wp-content\/uploads\/2024\/10\/20241024_143605-300x225.jpg 300w, https:\/\/cottage.cz\/wp-content\/uploads\/2024\/10\/20241024_143605-768x576.jpg 768w, https:\/\/cottage.cz\/wp-content\/uploads\/2024\/10\/20241024_143605-1536x1152.jpg 1536w, https:\/\/cottage.cz\/wp-content\/uploads\/2024\/10\/20241024_143605-2048x1536.jpg 2048w\" data-sizes=\"(max-width: 1024px) 100vw, 1024px\" src=\"data:image\/svg+xml;base64,PHN2ZyB3aWR0aD0iMSIgaGVpZ2h0PSIxIiB4bWxucz0iaHR0cDovL3d3dy53My5vcmcvMjAwMC9zdmciPjwvc3ZnPg==\" style=\"--smush-placeholder-width: 1024px; --smush-placeholder-aspect-ratio: 1024\/768;\" \/><\/figure>\n\n\n\n<h3 class=\"wp-block-heading\">Historia i architektura<\/h3>\n\n\n\n<pre id=\"tw-target-text\" class=\"wp-block-preformatted\"><\/pre>\n\n\n\n<p class=\"wp-block-paragraph\">Ji\u0159et\u00edn pod Jedlov\u0105<br>Ta malownicza wie\u015b z domami o konstrukcji szachulcowej i ko\u015bcio\u0142em \u015awi\u0119tej Tr\u00f3jcy jest idealnym miejscem do poznania historii regionu.<\/p>\n\n\n\n<p class=\"wp-block-paragraph\"><img decoding=\"async\" width=\"1024\" height=\"709\" class=\"wp-image-9150 lazyload\" data-src=\"https:\/\/cottage.cz\/wp-content\/uploads\/2022\/03\/krizova-cesta-pohled-letecky-1024x709.jpg\" alt=\"\" data-srcset=\"https:\/\/cottage.cz\/wp-content\/uploads\/2022\/03\/krizova-cesta-pohled-letecky-1024x709.jpg 1024w, https:\/\/cottage.cz\/wp-content\/uploads\/2022\/03\/krizova-cesta-pohled-letecky-300x208.jpg 300w, https:\/\/cottage.cz\/wp-content\/uploads\/2022\/03\/krizova-cesta-pohled-letecky-768x532.jpg 768w, https:\/\/cottage.cz\/wp-content\/uploads\/2022\/03\/krizova-cesta-pohled-letecky.jpg 1093w\" data-sizes=\"(max-width: 1024px) 100vw, 1024px\" src=\"data:image\/svg+xml;base64,PHN2ZyB3aWR0aD0iMSIgaGVpZ2h0PSIxIiB4bWxucz0iaHR0cDovL3d3dy53My5vcmcvMjAwMC9zdmciPjwvc3ZnPg==\" style=\"--smush-placeholder-width: 1024px; --smush-placeholder-aspect-ratio: 1024\/709;\" \/><br><\/p>\n\n\n\n<ol class=\"wp-block-list\">\n<li>\u015acie\u017cka edukacyjna po czesku. Szlak ten \u0142\u0105czy przyrod\u0119 i histori\u0119 i jest dobrym wyborem na \u0142atwy spacer lub przeja\u017cd\u017ck\u0119 rowerow\u0105 z dzie\u0107mi. Po drodze odkryjesz miejsca pielgrzymek, stary dom g\u00f3rnika i inne atrakcje.<br><\/li>\n<\/ol>\n\n\n\n<figure class=\"wp-block-image size-large\"><img decoding=\"async\" width=\"1024\" height=\"768\" data-src=\"https:\/\/cottage.cz\/wp-content\/uploads\/2020\/06\/IMG_20200620_124302-1024x768.jpg\" alt=\"\" class=\"wp-image-7410 lazyload\" data-srcset=\"https:\/\/cottage.cz\/wp-content\/uploads\/2020\/06\/IMG_20200620_124302-1024x768.jpg 1024w, https:\/\/cottage.cz\/wp-content\/uploads\/2020\/06\/IMG_20200620_124302-300x225.jpg 300w, https:\/\/cottage.cz\/wp-content\/uploads\/2020\/06\/IMG_20200620_124302-768x576.jpg 768w, https:\/\/cottage.cz\/wp-content\/uploads\/2020\/06\/IMG_20200620_124302-1536x1152.jpg 1536w, https:\/\/cottage.cz\/wp-content\/uploads\/2020\/06\/IMG_20200620_124302-2048x1536.jpg 2048w\" data-sizes=\"(max-width: 1024px) 100vw, 1024px\" src=\"data:image\/svg+xml;base64,PHN2ZyB3aWR0aD0iMSIgaGVpZ2h0PSIxIiB4bWxucz0iaHR0cDovL3d3dy53My5vcmcvMjAwMC9zdmciPjwvc3ZnPg==\" style=\"--smush-placeholder-width: 1024px; --smush-placeholder-aspect-ratio: 1024\/768;\" \/><\/figure>\n\n\n\n<p class=\"wp-block-paragraph\"><\/p>\n\n\n\n<p class=\"wp-block-paragraph\"><\/p>\n","protected":false},"excerpt":{"rendered":"<p>Lato w Czeskiej Szwajcarii i g\u00f3rach Lusitz oferuje szereg atrakcji dla rodzin z dzie\u0107mi. Region ten jest pe\u0142en niezwyk\u0142ej przyrody, nadmorskich kurort\u00f3w i atrakcji, kt\u00f3re zachwycaj\u0105 zar\u00f3wno ma\u0142ych, jak i starszych turyst\u00f3w. Na naszej stronie znajdziesz porady dotycz\u0105ce wycieczek i zaj\u0119\u0107 rodzinnych, kt\u00f3re pomog\u0105 Ci zaplanowa\u0107 idealny rodzinny wyjazd. Oto kilka najwa\u017cniejszych wydarze\u0144: Wycieczki pe\u0142ne [&hellip;]<\/p>\n","protected":false},"author":2,"featured_media":12620,"comment_status":"closed","ping_status":"closed","sticky":false,"template":"","format":"standard","meta":{"_monsterinsights_skip_tracking":false,"ngg_post_thumbnail":0,"footnotes":""},"categories":[196],"tags":[],"class_list":["post-24016","post","type-post","status-publish","format-standard","has-post-thumbnail","hentry","category-bloga"],"aioseo_notices":[],"aioseo_head":"\n\t\t<!-- All in One SEO 5.0.1.1 - aioseo.com -->\n\t<meta name=\"description\" content=\"Lato w Czeskiej Szwajcarii i g\u00f3rach Lusitz oferuje szereg atrakcji dla rodzin z dzie\u0107mi. Region ten jest pe\u0142en niezwyk\u0142ej przyrody, nadmorskich kurort\u00f3w i atrakcji, kt\u00f3re zachwycaj\u0105 zar\u00f3wno ma\u0142ych, jak i starszych turyst\u00f3w. Na naszej stronie znajdziesz porady dotycz\u0105ce wycieczek i zaj\u0119\u0107 rodzinnych, kt\u00f3re pomog\u0105 Ci zaplanowa\u0107 idealny rodzinny wyjazd. Oto kilka najwa\u017cniejszych wydarze\u0144: Wycieczki pe\u0142ne\" \/>\n\t<meta name=\"robots\" content=\"max-image-preview:large\" \/>\n\t<meta name=\"author\" content=\"Ale\u0161 Kubica\"\/>\n\t<link rel=\"canonical\" href=\"https:\/\/cottage.cz\/pl\/lato-2025-poznaj-z-rodzina-piekno-czeskiej-szwajcarii-i-gor-luzyckich\/\" \/>\n\t<meta name=\"generator\" content=\"All in One SEO (AIOSEO) 5.0.1.1\" \/>\n\t\t<meta property=\"og:locale\" content=\"pl_PL\" \/>\n\t\t<meta property=\"og:site_name\" content=\"Zakwaterowanie Czeskiej Szwajcarii -apartamenty, wellness, przewodnik, joga, wynajem w Czeska Szwajcaria - Mieszkanie &amp; Wellness &amp; Joga &amp; Wynajem &amp; Wyja W Czeskiej Szwajcariizdy\" \/>\n\t\t<meta property=\"og:type\" content=\"article\" \/>\n\t\t<meta property=\"og:title\" content=\"Lato 2025: Poznaj z rodzin\u0105 pi\u0119kno Czeskiej Szwajcarii i G\u00f3r \u0141u\u017cyckich - Zakwaterowanie Czeskiej Szwajcarii -apartamenty, wellness, przewodnik, joga, wynajem w Czeska Szwajcaria\" \/>\n\t\t<meta property=\"og:description\" content=\"Lato w Czeskiej Szwajcarii i g\u00f3rach Lusitz oferuje szereg atrakcji dla rodzin z dzie\u0107mi. Region ten jest pe\u0142en niezwyk\u0142ej przyrody, nadmorskich kurort\u00f3w i atrakcji, kt\u00f3re zachwycaj\u0105 zar\u00f3wno ma\u0142ych, jak i starszych turyst\u00f3w. Na naszej stronie znajdziesz porady dotycz\u0105ce wycieczek i zaj\u0119\u0107 rodzinnych, kt\u00f3re pomog\u0105 Ci zaplanowa\u0107 idealny rodzinny wyjazd. Oto kilka najwa\u017cniejszych wydarze\u0144: Wycieczki pe\u0142ne\" \/>\n\t\t<meta property=\"og:url\" content=\"https:\/\/cottage.cz\/pl\/lato-2025-poznaj-z-rodzina-piekno-czeskiej-szwajcarii-i-gor-luzyckich\/\" \/>\n\t\t<meta property=\"og:image\" content=\"https:\/\/cottage.cz\/wp-content\/uploads\/2018\/03\/logocottage2.png\" \/>\n\t\t<meta property=\"og:image:secure_url\" content=\"https:\/\/cottage.cz\/wp-content\/uploads\/2018\/03\/logocottage2.png\" \/>\n\t\t<meta property=\"og:image:width\" content=\"200\" \/>\n\t\t<meta property=\"og:image:height\" content=\"201\" \/>\n\t\t<meta property=\"article:published_time\" content=\"2025-04-05T08:13:56+00:00\" \/>\n\t\t<meta property=\"article:modified_time\" content=\"2025-04-05T08:13:58+00:00\" \/>\n\t\t<meta name=\"twitter:card\" content=\"summary_large_image\" \/>\n\t\t<meta name=\"twitter:title\" content=\"Lato 2025: Poznaj z rodzin\u0105 pi\u0119kno Czeskiej Szwajcarii i G\u00f3r \u0141u\u017cyckich - Zakwaterowanie Czeskiej Szwajcarii -apartamenty, wellness, przewodnik, joga, wynajem w Czeska Szwajcaria\" \/>\n\t\t<meta name=\"twitter:description\" content=\"Lato w Czeskiej Szwajcarii i g\u00f3rach Lusitz oferuje szereg atrakcji dla rodzin z dzie\u0107mi. Region ten jest pe\u0142en niezwyk\u0142ej przyrody, nadmorskich kurort\u00f3w i atrakcji, kt\u00f3re zachwycaj\u0105 zar\u00f3wno ma\u0142ych, jak i starszych turyst\u00f3w. Na naszej stronie znajdziesz porady dotycz\u0105ce wycieczek i zaj\u0119\u0107 rodzinnych, kt\u00f3re pomog\u0105 Ci zaplanowa\u0107 idealny rodzinny wyjazd. Oto kilka najwa\u017cniejszych wydarze\u0144: Wycieczki pe\u0142ne\" \/>\n\t\t<meta name=\"twitter:image\" content=\"https:\/\/cottage.cz\/wp-content\/uploads\/2018\/03\/logocottage2.png\" \/>\n\t\t<script type=\"application\/ld+json\" class=\"aioseo-schema\">\n\t\t\t{\"@context\":\"https:\\\/\\\/schema.org\",\"@graph\":[{\"@type\":\"BlogPosting\",\"@id\":\"https:\\\/\\\/cottage.cz\\\/pl\\\/lato-2025-poznaj-z-rodzina-piekno-czeskiej-szwajcarii-i-gor-luzyckich\\\/#blogposting\",\"name\":\"Lato 2025: Poznaj z rodzin\\u0105 pi\\u0119kno Czeskiej Szwajcarii i G\\u00f3r \\u0141u\\u017cyckich - Zakwaterowanie Czeskiej Szwajcarii -apartamenty, wellness, przewodnik, joga, wynajem w Czeska Szwajcaria\",\"headline\":\"Lato 2025: Poznaj z rodzin\\u0105 pi\\u0119kno Czeskiej Szwajcarii i G\\u00f3r \\u0141u\\u017cyckich\",\"author\":{\"@id\":\"https:\\\/\\\/cottage.cz\\\/pl\\\/author\\\/kubica\\\/#author\"},\"publisher\":{\"@id\":\"https:\\\/\\\/cottage.cz\\\/pl\\\/#organization\"},\"image\":{\"@type\":\"ImageObject\",\"url\":\"https:\\\/\\\/cottage.cz\\\/wp-content\\\/uploads\\\/2018\\\/02\\\/okolocvikova6.jpg\",\"width\":800,\"height\":450},\"datePublished\":\"2025-04-05T10:13:56+02:00\",\"dateModified\":\"2025-04-05T10:13:58+02:00\",\"inLanguage\":\"pl-PL\",\"mainEntityOfPage\":{\"@id\":\"https:\\\/\\\/cottage.cz\\\/pl\\\/lato-2025-poznaj-z-rodzina-piekno-czeskiej-szwajcarii-i-gor-luzyckich\\\/#webpage\"},\"isPartOf\":{\"@id\":\"https:\\\/\\\/cottage.cz\\\/pl\\\/lato-2025-poznaj-z-rodzina-piekno-czeskiej-szwajcarii-i-gor-luzyckich\\\/#webpage\"},\"articleSection\":\"Bloga, Opcjonalne\"},{\"@type\":\"BreadcrumbList\",\"@id\":\"https:\\\/\\\/cottage.cz\\\/pl\\\/lato-2025-poznaj-z-rodzina-piekno-czeskiej-szwajcarii-i-gor-luzyckich\\\/#breadcrumblist\",\"itemListElement\":[{\"@type\":\"ListItem\",\"@id\":\"https:\\\/\\\/cottage.cz\\\/pl\\\/#listItem\",\"position\":1,\"name\":\"Home\",\"item\":\"https:\\\/\\\/cottage.cz\\\/pl\\\/\",\"nextItem\":{\"@type\":\"ListItem\",\"@id\":\"https:\\\/\\\/cottage.cz\\\/pl\\\/bloga\\\/#listItem\",\"name\":\"Bloga\"}},{\"@type\":\"ListItem\",\"@id\":\"https:\\\/\\\/cottage.cz\\\/pl\\\/bloga\\\/#listItem\",\"position\":2,\"name\":\"Bloga\",\"item\":\"https:\\\/\\\/cottage.cz\\\/pl\\\/bloga\\\/\",\"nextItem\":{\"@type\":\"ListItem\",\"@id\":\"https:\\\/\\\/cottage.cz\\\/pl\\\/lato-2025-poznaj-z-rodzina-piekno-czeskiej-szwajcarii-i-gor-luzyckich\\\/#listItem\",\"name\":\"Lato 2025: Poznaj z rodzin\\u0105 pi\\u0119kno Czeskiej Szwajcarii i G\\u00f3r \\u0141u\\u017cyckich\"},\"previousItem\":{\"@type\":\"ListItem\",\"@id\":\"https:\\\/\\\/cottage.cz\\\/pl\\\/#listItem\",\"name\":\"Home\"}},{\"@type\":\"ListItem\",\"@id\":\"https:\\\/\\\/cottage.cz\\\/pl\\\/lato-2025-poznaj-z-rodzina-piekno-czeskiej-szwajcarii-i-gor-luzyckich\\\/#listItem\",\"position\":3,\"name\":\"Lato 2025: Poznaj z rodzin\\u0105 pi\\u0119kno Czeskiej Szwajcarii i G\\u00f3r \\u0141u\\u017cyckich\",\"previousItem\":{\"@type\":\"ListItem\",\"@id\":\"https:\\\/\\\/cottage.cz\\\/pl\\\/bloga\\\/#listItem\",\"name\":\"Bloga\"}}]},{\"@type\":\"Organization\",\"@id\":\"https:\\\/\\\/cottage.cz\\\/pl\\\/#organization\",\"name\":\"Bohemian Cottage - apartm\\u00e1ny, wellness, pr\\u016fvodce, j\\u00f3ga, p\\u016fj\\u010dovna v NP \\u010cesk\\u00e9 \\u0160v\\u00fdcarsko\",\"description\":\"Mieszkanie & Wellness & Joga & Wynajem & Wyja W Czeskiej Szwajcariizdy\",\"url\":\"https:\\\/\\\/cottage.cz\\\/pl\\\/\",\"telephone\":\"+420736224222\",\"logo\":{\"@type\":\"ImageObject\",\"url\":\"https:\\\/\\\/cottage.cz\\\/wp-content\\\/uploads\\\/2018\\\/03\\\/logocott.png\",\"@id\":\"https:\\\/\\\/cottage.cz\\\/pl\\\/lato-2025-poznaj-z-rodzina-piekno-czeskiej-szwajcarii-i-gor-luzyckich\\\/#organizationLogo\",\"width\":190,\"height\":191},\"image\":{\"@id\":\"https:\\\/\\\/cottage.cz\\\/pl\\\/lato-2025-poznaj-z-rodzina-piekno-czeskiej-szwajcarii-i-gor-luzyckich\\\/#organizationLogo\"},\"sameAs\":[\"https:\\\/\\\/www.instagram.com\\\/cottage.cz\\\/\"]},{\"@type\":\"Person\",\"@id\":\"https:\\\/\\\/cottage.cz\\\/pl\\\/author\\\/kubica\\\/#author\",\"url\":\"https:\\\/\\\/cottage.cz\\\/pl\\\/author\\\/kubica\\\/\",\"name\":\"Ale\\u0161 Kubica\"},{\"@type\":\"WebPage\",\"@id\":\"https:\\\/\\\/cottage.cz\\\/pl\\\/lato-2025-poznaj-z-rodzina-piekno-czeskiej-szwajcarii-i-gor-luzyckich\\\/#webpage\",\"url\":\"https:\\\/\\\/cottage.cz\\\/pl\\\/lato-2025-poznaj-z-rodzina-piekno-czeskiej-szwajcarii-i-gor-luzyckich\\\/\",\"name\":\"Lato 2025: Poznaj z rodzin\\u0105 pi\\u0119kno Czeskiej Szwajcarii i G\\u00f3r \\u0141u\\u017cyckich - Zakwaterowanie Czeskiej Szwajcarii -apartamenty, wellness, przewodnik, joga, wynajem w Czeska Szwajcaria\",\"description\":\"Lato w Czeskiej Szwajcarii i g\\u00f3rach Lusitz oferuje szereg atrakcji dla rodzin z dzie\\u0107mi. Region ten jest pe\\u0142en niezwyk\\u0142ej przyrody, nadmorskich kurort\\u00f3w i atrakcji, kt\\u00f3re zachwycaj\\u0105 zar\\u00f3wno ma\\u0142ych, jak i starszych turyst\\u00f3w. Na naszej stronie znajdziesz porady dotycz\\u0105ce wycieczek i zaj\\u0119\\u0107 rodzinnych, kt\\u00f3re pomog\\u0105 Ci zaplanowa\\u0107 idealny rodzinny wyjazd. Oto kilka najwa\\u017cniejszych wydarze\\u0144: Wycieczki pe\\u0142ne\",\"inLanguage\":\"pl-PL\",\"isPartOf\":{\"@id\":\"https:\\\/\\\/cottage.cz\\\/pl\\\/#website\"},\"breadcrumb\":{\"@id\":\"https:\\\/\\\/cottage.cz\\\/pl\\\/lato-2025-poznaj-z-rodzina-piekno-czeskiej-szwajcarii-i-gor-luzyckich\\\/#breadcrumblist\"},\"author\":{\"@id\":\"https:\\\/\\\/cottage.cz\\\/pl\\\/author\\\/kubica\\\/#author\"},\"creator\":{\"@id\":\"https:\\\/\\\/cottage.cz\\\/pl\\\/author\\\/kubica\\\/#author\"},\"image\":{\"@type\":\"ImageObject\",\"url\":\"https:\\\/\\\/cottage.cz\\\/wp-content\\\/uploads\\\/2018\\\/02\\\/okolocvikova6.jpg\",\"@id\":\"https:\\\/\\\/cottage.cz\\\/pl\\\/lato-2025-poznaj-z-rodzina-piekno-czeskiej-szwajcarii-i-gor-luzyckich\\\/#mainImage\",\"width\":800,\"height\":450},\"primaryImageOfPage\":{\"@id\":\"https:\\\/\\\/cottage.cz\\\/pl\\\/lato-2025-poznaj-z-rodzina-piekno-czeskiej-szwajcarii-i-gor-luzyckich\\\/#mainImage\"},\"datePublished\":\"2025-04-05T10:13:56+02:00\",\"dateModified\":\"2025-04-05T10:13:58+02:00\"},{\"@type\":\"WebSite\",\"@id\":\"https:\\\/\\\/cottage.cz\\\/pl\\\/#website\",\"url\":\"https:\\\/\\\/cottage.cz\\\/pl\\\/\",\"name\":\"Bohemian Cottage - apartm\\u00e1ny, wellness,  pr\\u016fvodce, j\\u00f3ga, p\\u016fj\\u010dovna v NP  \\u010cesk\\u00e9 \\u0160v\\u00fdcarsko\",\"description\":\"Mieszkanie & Wellness & Joga & Wynajem & Wyja W Czeskiej Szwajcariizdy\",\"inLanguage\":\"pl-PL\",\"publisher\":{\"@id\":\"https:\\\/\\\/cottage.cz\\\/pl\\\/#organization\"}}]}\n\t\t<\/script>\n\t\t<!-- All in One SEO -->\n\n","aioseo_head_json":{"title":"Lato 2025: Poznaj z rodzin\u0105 pi\u0119kno Czeskiej Szwajcarii i G\u00f3r \u0141u\u017cyckich - Zakwaterowanie Czeskiej Szwajcarii -apartamenty, wellness, przewodnik, joga, wynajem w Czeska Szwajcaria","description":"Lato w Czeskiej Szwajcarii i g\u00f3rach Lusitz oferuje szereg atrakcji dla rodzin z dzie\u0107mi. Region ten jest pe\u0142en niezwyk\u0142ej przyrody, nadmorskich kurort\u00f3w i atrakcji, kt\u00f3re zachwycaj\u0105 zar\u00f3wno ma\u0142ych, jak i starszych turyst\u00f3w. Na naszej stronie znajdziesz porady dotycz\u0105ce wycieczek i zaj\u0119\u0107 rodzinnych, kt\u00f3re pomog\u0105 Ci zaplanowa\u0107 idealny rodzinny wyjazd. Oto kilka najwa\u017cniejszych wydarze\u0144: Wycieczki pe\u0142ne","canonical_url":"https:\/\/cottage.cz\/pl\/lato-2025-poznaj-z-rodzina-piekno-czeskiej-szwajcarii-i-gor-luzyckich\/","robots":"max-image-preview:large","keywords":"","webmasterTools":{"miscellaneous":""},"schema":{"@context":"https:\/\/schema.org","@graph":[{"@type":"BlogPosting","@id":"https:\/\/cottage.cz\/pl\/lato-2025-poznaj-z-rodzina-piekno-czeskiej-szwajcarii-i-gor-luzyckich\/#blogposting","name":"Lato 2025: Poznaj z rodzin\u0105 pi\u0119kno Czeskiej Szwajcarii i G\u00f3r \u0141u\u017cyckich - Zakwaterowanie Czeskiej Szwajcarii -apartamenty, wellness, przewodnik, joga, wynajem w Czeska Szwajcaria","headline":"Lato 2025: Poznaj z rodzin\u0105 pi\u0119kno Czeskiej Szwajcarii i G\u00f3r \u0141u\u017cyckich","author":{"@id":"https:\/\/cottage.cz\/pl\/author\/kubica\/#author"},"publisher":{"@id":"https:\/\/cottage.cz\/pl\/#organization"},"image":{"@type":"ImageObject","url":"https:\/\/cottage.cz\/wp-content\/uploads\/2018\/02\/okolocvikova6.jpg","width":800,"height":450},"datePublished":"2025-04-05T10:13:56+02:00","dateModified":"2025-04-05T10:13:58+02:00","inLanguage":"pl-PL","mainEntityOfPage":{"@id":"https:\/\/cottage.cz\/pl\/lato-2025-poznaj-z-rodzina-piekno-czeskiej-szwajcarii-i-gor-luzyckich\/#webpage"},"isPartOf":{"@id":"https:\/\/cottage.cz\/pl\/lato-2025-poznaj-z-rodzina-piekno-czeskiej-szwajcarii-i-gor-luzyckich\/#webpage"},"articleSection":"Bloga, Opcjonalne"},{"@type":"BreadcrumbList","@id":"https:\/\/cottage.cz\/pl\/lato-2025-poznaj-z-rodzina-piekno-czeskiej-szwajcarii-i-gor-luzyckich\/#breadcrumblist","itemListElement":[{"@type":"ListItem","@id":"https:\/\/cottage.cz\/pl\/#listItem","position":1,"name":"Home","item":"https:\/\/cottage.cz\/pl\/","nextItem":{"@type":"ListItem","@id":"https:\/\/cottage.cz\/pl\/bloga\/#listItem","name":"Bloga"}},{"@type":"ListItem","@id":"https:\/\/cottage.cz\/pl\/bloga\/#listItem","position":2,"name":"Bloga","item":"https:\/\/cottage.cz\/pl\/bloga\/","nextItem":{"@type":"ListItem","@id":"https:\/\/cottage.cz\/pl\/lato-2025-poznaj-z-rodzina-piekno-czeskiej-szwajcarii-i-gor-luzyckich\/#listItem","name":"Lato 2025: Poznaj z rodzin\u0105 pi\u0119kno Czeskiej Szwajcarii i G\u00f3r \u0141u\u017cyckich"},"previousItem":{"@type":"ListItem","@id":"https:\/\/cottage.cz\/pl\/#listItem","name":"Home"}},{"@type":"ListItem","@id":"https:\/\/cottage.cz\/pl\/lato-2025-poznaj-z-rodzina-piekno-czeskiej-szwajcarii-i-gor-luzyckich\/#listItem","position":3,"name":"Lato 2025: Poznaj z rodzin\u0105 pi\u0119kno Czeskiej Szwajcarii i G\u00f3r \u0141u\u017cyckich","previousItem":{"@type":"ListItem","@id":"https:\/\/cottage.cz\/pl\/bloga\/#listItem","name":"Bloga"}}]},{"@type":"Organization","@id":"https:\/\/cottage.cz\/pl\/#organization","name":"Bohemian Cottage - apartm\u00e1ny, wellness, pr\u016fvodce, j\u00f3ga, p\u016fj\u010dovna v NP \u010cesk\u00e9 \u0160v\u00fdcarsko","description":"Mieszkanie & Wellness & Joga & Wynajem & Wyja W Czeskiej Szwajcariizdy","url":"https:\/\/cottage.cz\/pl\/","telephone":"+420736224222","logo":{"@type":"ImageObject","url":"https:\/\/cottage.cz\/wp-content\/uploads\/2018\/03\/logocott.png","@id":"https:\/\/cottage.cz\/pl\/lato-2025-poznaj-z-rodzina-piekno-czeskiej-szwajcarii-i-gor-luzyckich\/#organizationLogo","width":190,"height":191},"image":{"@id":"https:\/\/cottage.cz\/pl\/lato-2025-poznaj-z-rodzina-piekno-czeskiej-szwajcarii-i-gor-luzyckich\/#organizationLogo"},"sameAs":["https:\/\/www.instagram.com\/cottage.cz\/"]},{"@type":"Person","@id":"https:\/\/cottage.cz\/pl\/author\/kubica\/#author","url":"https:\/\/cottage.cz\/pl\/author\/kubica\/","name":"Ale\u0161 Kubica"},{"@type":"WebPage","@id":"https:\/\/cottage.cz\/pl\/lato-2025-poznaj-z-rodzina-piekno-czeskiej-szwajcarii-i-gor-luzyckich\/#webpage","url":"https:\/\/cottage.cz\/pl\/lato-2025-poznaj-z-rodzina-piekno-czeskiej-szwajcarii-i-gor-luzyckich\/","name":"Lato 2025: Poznaj z rodzin\u0105 pi\u0119kno Czeskiej Szwajcarii i G\u00f3r \u0141u\u017cyckich - Zakwaterowanie Czeskiej Szwajcarii -apartamenty, wellness, przewodnik, joga, wynajem w Czeska Szwajcaria","description":"Lato w Czeskiej Szwajcarii i g\u00f3rach Lusitz oferuje szereg atrakcji dla rodzin z dzie\u0107mi. Region ten jest pe\u0142en niezwyk\u0142ej przyrody, nadmorskich kurort\u00f3w i atrakcji, kt\u00f3re zachwycaj\u0105 zar\u00f3wno ma\u0142ych, jak i starszych turyst\u00f3w. Na naszej stronie znajdziesz porady dotycz\u0105ce wycieczek i zaj\u0119\u0107 rodzinnych, kt\u00f3re pomog\u0105 Ci zaplanowa\u0107 idealny rodzinny wyjazd. Oto kilka najwa\u017cniejszych wydarze\u0144: Wycieczki pe\u0142ne","inLanguage":"pl-PL","isPartOf":{"@id":"https:\/\/cottage.cz\/pl\/#website"},"breadcrumb":{"@id":"https:\/\/cottage.cz\/pl\/lato-2025-poznaj-z-rodzina-piekno-czeskiej-szwajcarii-i-gor-luzyckich\/#breadcrumblist"},"author":{"@id":"https:\/\/cottage.cz\/pl\/author\/kubica\/#author"},"creator":{"@id":"https:\/\/cottage.cz\/pl\/author\/kubica\/#author"},"image":{"@type":"ImageObject","url":"https:\/\/cottage.cz\/wp-content\/uploads\/2018\/02\/okolocvikova6.jpg","@id":"https:\/\/cottage.cz\/pl\/lato-2025-poznaj-z-rodzina-piekno-czeskiej-szwajcarii-i-gor-luzyckich\/#mainImage","width":800,"height":450},"primaryImageOfPage":{"@id":"https:\/\/cottage.cz\/pl\/lato-2025-poznaj-z-rodzina-piekno-czeskiej-szwajcarii-i-gor-luzyckich\/#mainImage"},"datePublished":"2025-04-05T10:13:56+02:00","dateModified":"2025-04-05T10:13:58+02:00"},{"@type":"WebSite","@id":"https:\/\/cottage.cz\/pl\/#website","url":"https:\/\/cottage.cz\/pl\/","name":"Bohemian Cottage - apartm\u00e1ny, wellness,  pr\u016fvodce, j\u00f3ga, p\u016fj\u010dovna v NP  \u010cesk\u00e9 \u0160v\u00fdcarsko","description":"Mieszkanie & Wellness & Joga & Wynajem & Wyja W Czeskiej Szwajcariizdy","inLanguage":"pl-PL","publisher":{"@id":"https:\/\/cottage.cz\/pl\/#organization"}}]},"og:locale":"pl_PL","og:site_name":"Zakwaterowanie Czeskiej Szwajcarii -apartamenty, wellness, przewodnik, joga, wynajem w Czeska Szwajcaria - Mieszkanie &amp; Wellness &amp; Joga &amp; Wynajem &amp; Wyja W Czeskiej Szwajcariizdy","og:type":"article","og:title":"Lato 2025: Poznaj z rodzin\u0105 pi\u0119kno Czeskiej Szwajcarii i G\u00f3r \u0141u\u017cyckich - Zakwaterowanie Czeskiej Szwajcarii -apartamenty, wellness, przewodnik, joga, wynajem w Czeska Szwajcaria","og:description":"Lato w Czeskiej Szwajcarii i g\u00f3rach Lusitz oferuje szereg atrakcji dla rodzin z dzie\u0107mi. Region ten jest pe\u0142en niezwyk\u0142ej przyrody, nadmorskich kurort\u00f3w i atrakcji, kt\u00f3re zachwycaj\u0105 zar\u00f3wno ma\u0142ych, jak i starszych turyst\u00f3w. Na naszej stronie znajdziesz porady dotycz\u0105ce wycieczek i zaj\u0119\u0107 rodzinnych, kt\u00f3re pomog\u0105 Ci zaplanowa\u0107 idealny rodzinny wyjazd. Oto kilka najwa\u017cniejszych wydarze\u0144: Wycieczki pe\u0142ne","og:url":"https:\/\/cottage.cz\/pl\/lato-2025-poznaj-z-rodzina-piekno-czeskiej-szwajcarii-i-gor-luzyckich\/","og:image":"https:\/\/cottage.cz\/wp-content\/uploads\/2018\/03\/logocottage2.png","og:image:secure_url":"https:\/\/cottage.cz\/wp-content\/uploads\/2018\/03\/logocottage2.png","og:image:width":200,"og:image:height":201,"article:published_time":"2025-04-05T08:13:56+00:00","article:modified_time":"2025-04-05T08:13:58+00:00","twitter:card":"summary_large_image","twitter:title":"Lato 2025: Poznaj z rodzin\u0105 pi\u0119kno Czeskiej Szwajcarii i G\u00f3r \u0141u\u017cyckich - Zakwaterowanie Czeskiej Szwajcarii -apartamenty, wellness, przewodnik, joga, wynajem w Czeska Szwajcaria","twitter:description":"Lato w Czeskiej Szwajcarii i g\u00f3rach Lusitz oferuje szereg atrakcji dla rodzin z dzie\u0107mi. Region ten jest pe\u0142en niezwyk\u0142ej przyrody, nadmorskich kurort\u00f3w i atrakcji, kt\u00f3re zachwycaj\u0105 zar\u00f3wno ma\u0142ych, jak i starszych turyst\u00f3w. Na naszej stronie znajdziesz porady dotycz\u0105ce wycieczek i zaj\u0119\u0107 rodzinnych, kt\u00f3re pomog\u0105 Ci zaplanowa\u0107 idealny rodzinny wyjazd. Oto kilka najwa\u017cniejszych wydarze\u0144: Wycieczki pe\u0142ne","twitter:image":"https:\/\/cottage.cz\/wp-content\/uploads\/2018\/03\/logocottage2.png"},"aioseo_meta_data":{"post_id":"24016","title":null,"description":null,"keywords":null,"keyphrases":{"focus":{"keyphrase":"","score":0,"analysis":{"keyphraseInTitle":{"score":0,"maxScore":9,"error":1}}},"additional":[]},"primary_term":null,"canonical_url":null,"og_title":null,"og_description":null,"og_object_type":"default","og_image_type":"default","og_image_url":null,"og_image_width":null,"og_image_height":null,"og_image_custom_url":null,"og_image_custom_fields":null,"og_video":"","og_custom_url":null,"og_article_section":null,"og_article_tags":null,"twitter_use_og":false,"twitter_card":"default","twitter_image_type":"default","twitter_image_url":null,"twitter_image_custom_url":null,"twitter_image_custom_fields":null,"twitter_title":null,"twitter_description":null,"schema":{"blockGraphs":[],"customGraphs":[],"default":{"data":{"Article":[],"Course":[],"Dataset":[],"FAQPage":[],"Movie":[],"Person":[],"Product":[],"ProductReview":[],"Car":[],"Recipe":[],"Service":[],"SoftwareApplication":[],"WebPage":[]},"graphName":"BlogPosting","isEnabled":true},"graphs":[]},"schema_type":"default","schema_type_options":null,"pillar_content":false,"robots_default":true,"robots_noindex":false,"robots_noarchive":false,"robots_nosnippet":false,"robots_nofollow":false,"robots_noimageindex":false,"robots_noodp":false,"robots_notranslate":false,"robots_max_snippet":"-1","robots_max_videopreview":"-1","robots_max_imagepreview":"large","priority":null,"frequency":"default","local_seo":null,"breadcrumb_settings":null,"limit_modified_date":false,"open_ai":null,"ai":null,"created":"2024-11-21 08:31:09","updated":"2025-06-05 07:48:18","seo_analyzer_scan_date":null,"focus_keyword":null,"additional_keywords":null,"truseo_locale":null},"aioseo_breadcrumb":"<div class=\"aioseo-breadcrumbs\"><span class=\"aioseo-breadcrumb\">\n\t\t\t<a href=\"https:\/\/cottage.cz\/pl\/\" title=\"Home\">Home<\/a>\n\t\t<\/span><span class=\"aioseo-breadcrumb-separator\">&raquo;<\/span><span class=\"aioseo-breadcrumb\">\n\t\t\t<a href=\"https:\/\/cottage.cz\/pl\/bloga\/\" title=\"Bloga\">Bloga<\/a>\n\t\t<\/span><span class=\"aioseo-breadcrumb-separator\">&raquo;<\/span><span class=\"aioseo-breadcrumb\">\n\t\t\tLato 2025: Poznaj z rodzin\u0105 pi\u0119kno Czeskiej Szwajcarii i G\u00f3r \u0141u\u017cyckich\n\t\t<\/span><\/div>","aioseo_breadcrumb_json":[{"label":"Home","link":"https:\/\/cottage.cz\/pl\/"},{"label":"Bloga","link":"https:\/\/cottage.cz\/pl\/bloga\/"},{"label":"Lato 2025: Poznaj z rodzin\u0105 pi\u0119kno Czeskiej Szwajcarii i G\u00f3r \u0141u\u017cyckich","link":"https:\/\/cottage.cz\/pl\/lato-2025-poznaj-z-rodzina-piekno-czeskiej-szwajcarii-i-gor-luzyckich\/"}],"_links":{"self":[{"href":"https:\/\/cottage.cz\/pl\/wp-json\/wp\/v2\/posts\/24016","targetHints":{"allow":["GET"]}}],"collection":[{"href":"https:\/\/cottage.cz\/pl\/wp-json\/wp\/v2\/posts"}],"about":[{"href":"https:\/\/cottage.cz\/pl\/wp-json\/wp\/v2\/types\/post"}],"author":[{"embeddable":true,"href":"https:\/\/cottage.cz\/pl\/wp-json\/wp\/v2\/users\/2"}],"replies":[{"embeddable":true,"href":"https:\/\/cottage.cz\/pl\/wp-json\/wp\/v2\/comments?post=24016"}],"version-history":[{"count":2,"href":"https:\/\/cottage.cz\/pl\/wp-json\/wp\/v2\/posts\/24016\/revisions"}],"predecessor-version":[{"id":25100,"href":"https:\/\/cottage.cz\/pl\/wp-json\/wp\/v2\/posts\/24016\/revisions\/25100"}],"wp:featuredmedia":[{"embeddable":true,"href":"https:\/\/cottage.cz\/pl\/wp-json\/wp\/v2\/media\/12620"}],"wp:attachment":[{"href":"https:\/\/cottage.cz\/pl\/wp-json\/wp\/v2\/media?parent=24016"}],"wp:term":[{"taxonomy":"category","embeddable":true,"href":"https:\/\/cottage.cz\/pl\/wp-json\/wp\/v2\/categories?post=24016"},{"taxonomy":"post_tag","embeddable":true,"href":"https:\/\/cottage.cz\/pl\/wp-json\/wp\/v2\/tags?post=24016"}],"curies":[{"name":"wp","href":"https:\/\/api.w.org\/{rel}","templated":true}]}}