{"id":21101,"date":"2024-01-15T10:46:53","date_gmt":"2024-01-15T09:46:53","guid":{"rendered":"https:\/\/cottage.napokusy.cz\/?p=21101"},"modified":"2024-01-15T10:47:14","modified_gmt":"2024-01-15T09:47:14","slug":"ferata-affenstein","status":"publish","type":"post","link":"https:\/\/cottage.cz\/pl\/ferata-affenstein\/","title":{"rendered":"Ferata \u2013 Affenstein"},"content":{"rendered":"\n<p class=\"wp-block-paragraph\">Dolina Kyjov,&nbsp;Hinterhermsdorf, wodospad Lichtenhain, Ma\u0142pi kamie\u0144 \u2013 D\u0142ugi R\u00f3g (Nordstern), tylne Jet\u0159ichovice, na Tok\u00e1n\u00ed, Doubice<\/p>\n\n\n\n<p class=\"wp-block-paragraph\">Wybrali\u015bmy si\u0119 na t\u0119 s\u0142ynn\u0105 ferrat\u0119 w Szwajcarii Sakso\u0144skiej. C\u00f3\u017c Ci napisz\u0119, Parkowanie przy wodospadzie Lichtenhain w sezonie nie jest \u0142atwym zadaniem. Dlatego zostawiamy rowery przy drogowskazie Unterer Affensteinweg. Ferrat\u0119 mo\u017cna przenosi\u0107 bez zabezpieczenia. Je\u015bli masz ochron\u0119, we\u017a j\u0105. Wspinamy si\u0119 na szczyt Nordstern ok. 15 m, nast\u0119pnie wzd\u0142u\u017c Langes Horn jedziemy dalej, by podziwia\u0107 inne widoki. Wracamy w d\u00f3\u0142 przez Wilde Holle.<\/p>\n\n\n\n<p class=\"wp-block-paragraph\">Droga powrotna wiedzie w g\u00f3r\u0119 rzeki K\u0159inice, przez przej\u015bcie graniczne Zadn\u00ed Jet\u0159ichovice i wzd\u0142u\u017c czeskiej drogi do Na Tok\u00e1n\u00ed (\u015bcie\u017cka rowerowa 3029).<\/p>\n\n\n\n<p class=\"wp-block-paragraph\"><\/p>\n\n\n\n<figure class=\"wp-block-image\"><img decoding=\"async\" width=\"1024\" height=\"768\" data-src=\"https:\/\/www.cottage.cz\/wp-content\/uploads\/2021\/06\/20210603_131942-1024x768.jpg\" alt=\"\" class=\"wp-image-8108 lazyload\" data-srcset=\"https:\/\/cottage.cz\/wp-content\/uploads\/2021\/06\/20210603_131942-1024x768.jpg 1024w, https:\/\/cottage.cz\/wp-content\/uploads\/2021\/06\/20210603_131942-300x225.jpg 300w, https:\/\/cottage.cz\/wp-content\/uploads\/2021\/06\/20210603_131942-768x576.jpg 768w, https:\/\/cottage.cz\/wp-content\/uploads\/2021\/06\/20210603_131942-1536x1152.jpg 1536w, https:\/\/cottage.cz\/wp-content\/uploads\/2021\/06\/20210603_131942-2048x1536.jpg 2048w\" data-sizes=\"(max-width: 1024px) 100vw, 1024px\" src=\"data:image\/svg+xml;base64,PHN2ZyB3aWR0aD0iMSIgaGVpZ2h0PSIxIiB4bWxucz0iaHR0cDovL3d3dy53My5vcmcvMjAwMC9zdmciPjwvc3ZnPg==\" style=\"--smush-placeholder-width: 1024px; --smush-placeholder-aspect-ratio: 1024\/768;\" \/><\/figure>\n","protected":false},"excerpt":{"rendered":"<p>Dolina Kyjov,&nbsp;Hinterhermsdorf, wodospad Lichtenhain, Ma\u0142pi kamie\u0144 \u2013 D\u0142ugi R\u00f3g (Nordstern), tylne Jet\u0159ichovice, na Tok\u00e1n\u00ed, Doubice Wybrali\u015bmy si\u0119 na t\u0119 s\u0142ynn\u0105 ferrat\u0119 w Szwajcarii Sakso\u0144skiej. C\u00f3\u017c Ci napisz\u0119, Parkowanie przy wodospadzie Lichtenhain w sezonie nie jest \u0142atwym zadaniem. Dlatego zostawiamy rowery przy drogowskazie Unterer Affensteinweg. Ferrat\u0119 mo\u017cna przenosi\u0107 bez zabezpieczenia. Je\u015bli masz ochron\u0119, we\u017a j\u0105. Wspinamy [&hellip;]<\/p>\n","protected":false},"author":2,"featured_media":16265,"comment_status":"closed","ping_status":"closed","sticky":false,"template":"","format":"standard","meta":{"_monsterinsights_skip_tracking":false,"ngg_post_thumbnail":0,"footnotes":""},"categories":[213],"tags":[263],"class_list":["post-21101","post","type-post","status-publish","format-standard","has-post-thumbnail","hentry","category-wycieczki2","tag-via-ferraty"],"aioseo_notices":[],"aioseo_head":"\n\t\t<!-- All in One SEO 5.0.1.1 - aioseo.com -->\n\t<meta name=\"description\" content=\"Dolina Kyjov, Hinterhermsdorf, wodospad Lichtenhain, Ma\u0142pi kamie\u0144 \u2013 D\u0142ugi R\u00f3g (Nordstern), tylne Jet\u0159ichovice, na Tok\u00e1n\u00ed, Doubice Wybrali\u015bmy si\u0119 na t\u0119 s\u0142ynn\u0105 ferrat\u0119 w Szwajcarii Sakso\u0144skiej. C\u00f3\u017c Ci napisz\u0119, Parkowanie przy wodospadzie Lichtenhain w sezonie nie jest \u0142atwym zadaniem. Dlatego zostawiamy rowery przy drogowskazie Unterer Affensteinweg. Ferrat\u0119 mo\u017cna przenosi\u0107 bez zabezpieczenia. Je\u015bli masz ochron\u0119, we\u017a j\u0105. Wspinamy\" \/>\n\t<meta name=\"robots\" content=\"max-image-preview:large\" \/>\n\t<meta name=\"author\" content=\"Ale\u0161 Kubica\"\/>\n\t<link rel=\"canonical\" href=\"https:\/\/cottage.cz\/pl\/ferata-affenstein\/\" \/>\n\t<meta name=\"generator\" content=\"All in One SEO (AIOSEO) 5.0.1.1\" \/>\n\t\t<meta property=\"og:locale\" content=\"pl_PL\" \/>\n\t\t<meta property=\"og:site_name\" content=\"Zakwaterowanie Czeskiej Szwajcarii -apartamenty, wellness, przewodnik, joga, wynajem w Czeska Szwajcaria - Mieszkanie &amp; Wellness &amp; Joga &amp; Wynajem &amp; Wyja W Czeskiej Szwajcariizdy\" \/>\n\t\t<meta property=\"og:type\" content=\"article\" \/>\n\t\t<meta property=\"og:title\" content=\"Ferata \u2013 Affenstein - Zakwaterowanie Czeskiej Szwajcarii -apartamenty, wellness, przewodnik, joga, wynajem w Czeska Szwajcaria\" \/>\n\t\t<meta property=\"og:description\" content=\"Dolina Kyjov, Hinterhermsdorf, wodospad Lichtenhain, Ma\u0142pi kamie\u0144 \u2013 D\u0142ugi R\u00f3g (Nordstern), tylne Jet\u0159ichovice, na Tok\u00e1n\u00ed, Doubice Wybrali\u015bmy si\u0119 na t\u0119 s\u0142ynn\u0105 ferrat\u0119 w Szwajcarii Sakso\u0144skiej. C\u00f3\u017c Ci napisz\u0119, Parkowanie przy wodospadzie Lichtenhain w sezonie nie jest \u0142atwym zadaniem. Dlatego zostawiamy rowery przy drogowskazie Unterer Affensteinweg. Ferrat\u0119 mo\u017cna przenosi\u0107 bez zabezpieczenia. Je\u015bli masz ochron\u0119, we\u017a j\u0105. Wspinamy\" \/>\n\t\t<meta property=\"og:url\" content=\"https:\/\/cottage.cz\/pl\/ferata-affenstein\/\" \/>\n\t\t<meta property=\"og:image\" content=\"https:\/\/cottage.cz\/wp-content\/uploads\/2018\/03\/logocottage2.png\" \/>\n\t\t<meta property=\"og:image:secure_url\" content=\"https:\/\/cottage.cz\/wp-content\/uploads\/2018\/03\/logocottage2.png\" \/>\n\t\t<meta property=\"og:image:width\" content=\"200\" \/>\n\t\t<meta property=\"og:image:height\" content=\"201\" \/>\n\t\t<meta property=\"article:published_time\" content=\"2024-01-15T09:46:53+00:00\" \/>\n\t\t<meta property=\"article:modified_time\" content=\"2024-01-15T09:47:14+00:00\" \/>\n\t\t<meta name=\"twitter:card\" content=\"summary_large_image\" \/>\n\t\t<meta name=\"twitter:title\" content=\"Ferata \u2013 Affenstein - Zakwaterowanie Czeskiej Szwajcarii -apartamenty, wellness, przewodnik, joga, wynajem w Czeska Szwajcaria\" \/>\n\t\t<meta name=\"twitter:description\" content=\"Dolina Kyjov, Hinterhermsdorf, wodospad Lichtenhain, Ma\u0142pi kamie\u0144 \u2013 D\u0142ugi R\u00f3g (Nordstern), tylne Jet\u0159ichovice, na Tok\u00e1n\u00ed, Doubice Wybrali\u015bmy si\u0119 na t\u0119 s\u0142ynn\u0105 ferrat\u0119 w Szwajcarii Sakso\u0144skiej. C\u00f3\u017c Ci napisz\u0119, Parkowanie przy wodospadzie Lichtenhain w sezonie nie jest \u0142atwym zadaniem. Dlatego zostawiamy rowery przy drogowskazie Unterer Affensteinweg. Ferrat\u0119 mo\u017cna przenosi\u0107 bez zabezpieczenia. Je\u015bli masz ochron\u0119, we\u017a j\u0105. Wspinamy\" \/>\n\t\t<meta name=\"twitter:image\" content=\"https:\/\/cottage.cz\/wp-content\/uploads\/2018\/03\/logocottage2.png\" \/>\n\t\t<script type=\"application\/ld+json\" class=\"aioseo-schema\">\n\t\t\t{\"@context\":\"https:\\\/\\\/schema.org\",\"@graph\":[{\"@type\":\"BlogPosting\",\"@id\":\"https:\\\/\\\/cottage.cz\\\/pl\\\/ferata-affenstein\\\/#blogposting\",\"name\":\"Ferata \\u2013 Affenstein - Zakwaterowanie Czeskiej Szwajcarii -apartamenty, wellness, przewodnik, joga, wynajem w Czeska Szwajcaria\",\"headline\":\"Ferata \\u2013 Affenstein\",\"author\":{\"@id\":\"https:\\\/\\\/cottage.cz\\\/pl\\\/author\\\/kubica\\\/#author\"},\"publisher\":{\"@id\":\"https:\\\/\\\/cottage.cz\\\/pl\\\/#organization\"},\"image\":{\"@type\":\"ImageObject\",\"url\":\"https:\\\/\\\/cottage.cz\\\/wp-content\\\/uploads\\\/2021\\\/06\\\/20210603_121035-scaled.jpg\",\"width\":2560,\"height\":1920},\"datePublished\":\"2024-01-15T10:46:53+01:00\",\"dateModified\":\"2024-01-15T10:47:14+01:00\",\"inLanguage\":\"pl-PL\",\"mainEntityOfPage\":{\"@id\":\"https:\\\/\\\/cottage.cz\\\/pl\\\/ferata-affenstein\\\/#webpage\"},\"isPartOf\":{\"@id\":\"https:\\\/\\\/cottage.cz\\\/pl\\\/ferata-affenstein\\\/#webpage\"},\"articleSection\":\"Wycieczki, Via ferraty\"},{\"@type\":\"BreadcrumbList\",\"@id\":\"https:\\\/\\\/cottage.cz\\\/pl\\\/ferata-affenstein\\\/#breadcrumblist\",\"itemListElement\":[{\"@type\":\"ListItem\",\"@id\":\"https:\\\/\\\/cottage.cz\\\/pl\\\/#listItem\",\"position\":1,\"name\":\"Home\",\"item\":\"https:\\\/\\\/cottage.cz\\\/pl\\\/\",\"nextItem\":{\"@type\":\"ListItem\",\"@id\":\"https:\\\/\\\/cottage.cz\\\/pl\\\/wycieczki2\\\/#listItem\",\"name\":\"Wycieczki\"}},{\"@type\":\"ListItem\",\"@id\":\"https:\\\/\\\/cottage.cz\\\/pl\\\/wycieczki2\\\/#listItem\",\"position\":2,\"name\":\"Wycieczki\",\"item\":\"https:\\\/\\\/cottage.cz\\\/pl\\\/wycieczki2\\\/\",\"nextItem\":{\"@type\":\"ListItem\",\"@id\":\"https:\\\/\\\/cottage.cz\\\/pl\\\/ferata-affenstein\\\/#listItem\",\"name\":\"Ferata \\u2013 Affenstein\"},\"previousItem\":{\"@type\":\"ListItem\",\"@id\":\"https:\\\/\\\/cottage.cz\\\/pl\\\/#listItem\",\"name\":\"Home\"}},{\"@type\":\"ListItem\",\"@id\":\"https:\\\/\\\/cottage.cz\\\/pl\\\/ferata-affenstein\\\/#listItem\",\"position\":3,\"name\":\"Ferata \\u2013 Affenstein\",\"previousItem\":{\"@type\":\"ListItem\",\"@id\":\"https:\\\/\\\/cottage.cz\\\/pl\\\/wycieczki2\\\/#listItem\",\"name\":\"Wycieczki\"}}]},{\"@type\":\"Organization\",\"@id\":\"https:\\\/\\\/cottage.cz\\\/pl\\\/#organization\",\"name\":\"Bohemian Cottage - apartm\\u00e1ny, wellness, pr\\u016fvodce, j\\u00f3ga, p\\u016fj\\u010dovna v NP \\u010cesk\\u00e9 \\u0160v\\u00fdcarsko\",\"description\":\"Mieszkanie & Wellness & Joga & Wynajem & Wyja W Czeskiej Szwajcariizdy\",\"url\":\"https:\\\/\\\/cottage.cz\\\/pl\\\/\",\"telephone\":\"+420736224222\",\"logo\":{\"@type\":\"ImageObject\",\"url\":\"https:\\\/\\\/cottage.cz\\\/wp-content\\\/uploads\\\/2018\\\/03\\\/logocott.png\",\"@id\":\"https:\\\/\\\/cottage.cz\\\/pl\\\/ferata-affenstein\\\/#organizationLogo\",\"width\":190,\"height\":191},\"image\":{\"@id\":\"https:\\\/\\\/cottage.cz\\\/pl\\\/ferata-affenstein\\\/#organizationLogo\"},\"sameAs\":[\"https:\\\/\\\/www.instagram.com\\\/cottage.cz\\\/\"]},{\"@type\":\"Person\",\"@id\":\"https:\\\/\\\/cottage.cz\\\/pl\\\/author\\\/kubica\\\/#author\",\"url\":\"https:\\\/\\\/cottage.cz\\\/pl\\\/author\\\/kubica\\\/\",\"name\":\"Ale\\u0161 Kubica\"},{\"@type\":\"WebPage\",\"@id\":\"https:\\\/\\\/cottage.cz\\\/pl\\\/ferata-affenstein\\\/#webpage\",\"url\":\"https:\\\/\\\/cottage.cz\\\/pl\\\/ferata-affenstein\\\/\",\"name\":\"Ferata \\u2013 Affenstein - Zakwaterowanie Czeskiej Szwajcarii -apartamenty, wellness, przewodnik, joga, wynajem w Czeska Szwajcaria\",\"description\":\"Dolina Kyjov, Hinterhermsdorf, wodospad Lichtenhain, Ma\\u0142pi kamie\\u0144 \\u2013 D\\u0142ugi R\\u00f3g (Nordstern), tylne Jet\\u0159ichovice, na Tok\\u00e1n\\u00ed, Doubice Wybrali\\u015bmy si\\u0119 na t\\u0119 s\\u0142ynn\\u0105 ferrat\\u0119 w Szwajcarii Sakso\\u0144skiej. C\\u00f3\\u017c Ci napisz\\u0119, Parkowanie przy wodospadzie Lichtenhain w sezonie nie jest \\u0142atwym zadaniem. Dlatego zostawiamy rowery przy drogowskazie Unterer Affensteinweg. Ferrat\\u0119 mo\\u017cna przenosi\\u0107 bez zabezpieczenia. Je\\u015bli masz ochron\\u0119, we\\u017a j\\u0105. Wspinamy\",\"inLanguage\":\"pl-PL\",\"isPartOf\":{\"@id\":\"https:\\\/\\\/cottage.cz\\\/pl\\\/#website\"},\"breadcrumb\":{\"@id\":\"https:\\\/\\\/cottage.cz\\\/pl\\\/ferata-affenstein\\\/#breadcrumblist\"},\"author\":{\"@id\":\"https:\\\/\\\/cottage.cz\\\/pl\\\/author\\\/kubica\\\/#author\"},\"creator\":{\"@id\":\"https:\\\/\\\/cottage.cz\\\/pl\\\/author\\\/kubica\\\/#author\"},\"image\":{\"@type\":\"ImageObject\",\"url\":\"https:\\\/\\\/cottage.cz\\\/wp-content\\\/uploads\\\/2021\\\/06\\\/20210603_121035-scaled.jpg\",\"@id\":\"https:\\\/\\\/cottage.cz\\\/pl\\\/ferata-affenstein\\\/#mainImage\",\"width\":2560,\"height\":1920},\"primaryImageOfPage\":{\"@id\":\"https:\\\/\\\/cottage.cz\\\/pl\\\/ferata-affenstein\\\/#mainImage\"},\"datePublished\":\"2024-01-15T10:46:53+01:00\",\"dateModified\":\"2024-01-15T10:47:14+01:00\"},{\"@type\":\"WebSite\",\"@id\":\"https:\\\/\\\/cottage.cz\\\/pl\\\/#website\",\"url\":\"https:\\\/\\\/cottage.cz\\\/pl\\\/\",\"name\":\"Bohemian Cottage - apartm\\u00e1ny, wellness,  pr\\u016fvodce, j\\u00f3ga, p\\u016fj\\u010dovna v NP  \\u010cesk\\u00e9 \\u0160v\\u00fdcarsko\",\"description\":\"Mieszkanie & Wellness & Joga & Wynajem & Wyja W Czeskiej Szwajcariizdy\",\"inLanguage\":\"pl-PL\",\"publisher\":{\"@id\":\"https:\\\/\\\/cottage.cz\\\/pl\\\/#organization\"}}]}\n\t\t<\/script>\n\t\t<!-- All in One SEO -->\n\n","aioseo_head_json":{"title":"Ferata \u2013 Affenstein - Zakwaterowanie Czeskiej Szwajcarii -apartamenty, wellness, przewodnik, joga, wynajem w Czeska Szwajcaria","description":"Dolina Kyjov, Hinterhermsdorf, wodospad Lichtenhain, Ma\u0142pi kamie\u0144 \u2013 D\u0142ugi R\u00f3g (Nordstern), tylne Jet\u0159ichovice, na Tok\u00e1n\u00ed, Doubice Wybrali\u015bmy si\u0119 na t\u0119 s\u0142ynn\u0105 ferrat\u0119 w Szwajcarii Sakso\u0144skiej. C\u00f3\u017c Ci napisz\u0119, Parkowanie przy wodospadzie Lichtenhain w sezonie nie jest \u0142atwym zadaniem. Dlatego zostawiamy rowery przy drogowskazie Unterer Affensteinweg. Ferrat\u0119 mo\u017cna przenosi\u0107 bez zabezpieczenia. Je\u015bli masz ochron\u0119, we\u017a j\u0105. Wspinamy","canonical_url":"https:\/\/cottage.cz\/pl\/ferata-affenstein\/","robots":"max-image-preview:large","keywords":"","webmasterTools":{"miscellaneous":""},"schema":{"@context":"https:\/\/schema.org","@graph":[{"@type":"BlogPosting","@id":"https:\/\/cottage.cz\/pl\/ferata-affenstein\/#blogposting","name":"Ferata \u2013 Affenstein - Zakwaterowanie Czeskiej Szwajcarii -apartamenty, wellness, przewodnik, joga, wynajem w Czeska Szwajcaria","headline":"Ferata \u2013 Affenstein","author":{"@id":"https:\/\/cottage.cz\/pl\/author\/kubica\/#author"},"publisher":{"@id":"https:\/\/cottage.cz\/pl\/#organization"},"image":{"@type":"ImageObject","url":"https:\/\/cottage.cz\/wp-content\/uploads\/2021\/06\/20210603_121035-scaled.jpg","width":2560,"height":1920},"datePublished":"2024-01-15T10:46:53+01:00","dateModified":"2024-01-15T10:47:14+01:00","inLanguage":"pl-PL","mainEntityOfPage":{"@id":"https:\/\/cottage.cz\/pl\/ferata-affenstein\/#webpage"},"isPartOf":{"@id":"https:\/\/cottage.cz\/pl\/ferata-affenstein\/#webpage"},"articleSection":"Wycieczki, Via ferraty"},{"@type":"BreadcrumbList","@id":"https:\/\/cottage.cz\/pl\/ferata-affenstein\/#breadcrumblist","itemListElement":[{"@type":"ListItem","@id":"https:\/\/cottage.cz\/pl\/#listItem","position":1,"name":"Home","item":"https:\/\/cottage.cz\/pl\/","nextItem":{"@type":"ListItem","@id":"https:\/\/cottage.cz\/pl\/wycieczki2\/#listItem","name":"Wycieczki"}},{"@type":"ListItem","@id":"https:\/\/cottage.cz\/pl\/wycieczki2\/#listItem","position":2,"name":"Wycieczki","item":"https:\/\/cottage.cz\/pl\/wycieczki2\/","nextItem":{"@type":"ListItem","@id":"https:\/\/cottage.cz\/pl\/ferata-affenstein\/#listItem","name":"Ferata \u2013 Affenstein"},"previousItem":{"@type":"ListItem","@id":"https:\/\/cottage.cz\/pl\/#listItem","name":"Home"}},{"@type":"ListItem","@id":"https:\/\/cottage.cz\/pl\/ferata-affenstein\/#listItem","position":3,"name":"Ferata \u2013 Affenstein","previousItem":{"@type":"ListItem","@id":"https:\/\/cottage.cz\/pl\/wycieczki2\/#listItem","name":"Wycieczki"}}]},{"@type":"Organization","@id":"https:\/\/cottage.cz\/pl\/#organization","name":"Bohemian Cottage - apartm\u00e1ny, wellness, pr\u016fvodce, j\u00f3ga, p\u016fj\u010dovna v NP \u010cesk\u00e9 \u0160v\u00fdcarsko","description":"Mieszkanie & Wellness & Joga & Wynajem & Wyja W Czeskiej Szwajcariizdy","url":"https:\/\/cottage.cz\/pl\/","telephone":"+420736224222","logo":{"@type":"ImageObject","url":"https:\/\/cottage.cz\/wp-content\/uploads\/2018\/03\/logocott.png","@id":"https:\/\/cottage.cz\/pl\/ferata-affenstein\/#organizationLogo","width":190,"height":191},"image":{"@id":"https:\/\/cottage.cz\/pl\/ferata-affenstein\/#organizationLogo"},"sameAs":["https:\/\/www.instagram.com\/cottage.cz\/"]},{"@type":"Person","@id":"https:\/\/cottage.cz\/pl\/author\/kubica\/#author","url":"https:\/\/cottage.cz\/pl\/author\/kubica\/","name":"Ale\u0161 Kubica"},{"@type":"WebPage","@id":"https:\/\/cottage.cz\/pl\/ferata-affenstein\/#webpage","url":"https:\/\/cottage.cz\/pl\/ferata-affenstein\/","name":"Ferata \u2013 Affenstein - Zakwaterowanie Czeskiej Szwajcarii -apartamenty, wellness, przewodnik, joga, wynajem w Czeska Szwajcaria","description":"Dolina Kyjov, Hinterhermsdorf, wodospad Lichtenhain, Ma\u0142pi kamie\u0144 \u2013 D\u0142ugi R\u00f3g (Nordstern), tylne Jet\u0159ichovice, na Tok\u00e1n\u00ed, Doubice Wybrali\u015bmy si\u0119 na t\u0119 s\u0142ynn\u0105 ferrat\u0119 w Szwajcarii Sakso\u0144skiej. C\u00f3\u017c Ci napisz\u0119, Parkowanie przy wodospadzie Lichtenhain w sezonie nie jest \u0142atwym zadaniem. Dlatego zostawiamy rowery przy drogowskazie Unterer Affensteinweg. Ferrat\u0119 mo\u017cna przenosi\u0107 bez zabezpieczenia. Je\u015bli masz ochron\u0119, we\u017a j\u0105. Wspinamy","inLanguage":"pl-PL","isPartOf":{"@id":"https:\/\/cottage.cz\/pl\/#website"},"breadcrumb":{"@id":"https:\/\/cottage.cz\/pl\/ferata-affenstein\/#breadcrumblist"},"author":{"@id":"https:\/\/cottage.cz\/pl\/author\/kubica\/#author"},"creator":{"@id":"https:\/\/cottage.cz\/pl\/author\/kubica\/#author"},"image":{"@type":"ImageObject","url":"https:\/\/cottage.cz\/wp-content\/uploads\/2021\/06\/20210603_121035-scaled.jpg","@id":"https:\/\/cottage.cz\/pl\/ferata-affenstein\/#mainImage","width":2560,"height":1920},"primaryImageOfPage":{"@id":"https:\/\/cottage.cz\/pl\/ferata-affenstein\/#mainImage"},"datePublished":"2024-01-15T10:46:53+01:00","dateModified":"2024-01-15T10:47:14+01:00"},{"@type":"WebSite","@id":"https:\/\/cottage.cz\/pl\/#website","url":"https:\/\/cottage.cz\/pl\/","name":"Bohemian Cottage - apartm\u00e1ny, wellness,  pr\u016fvodce, j\u00f3ga, p\u016fj\u010dovna v NP  \u010cesk\u00e9 \u0160v\u00fdcarsko","description":"Mieszkanie & Wellness & Joga & Wynajem & Wyja W Czeskiej Szwajcariizdy","inLanguage":"pl-PL","publisher":{"@id":"https:\/\/cottage.cz\/pl\/#organization"}}]},"og:locale":"pl_PL","og:site_name":"Zakwaterowanie Czeskiej Szwajcarii -apartamenty, wellness, przewodnik, joga, wynajem w Czeska Szwajcaria - Mieszkanie &amp; Wellness &amp; Joga &amp; Wynajem &amp; Wyja W Czeskiej Szwajcariizdy","og:type":"article","og:title":"Ferata \u2013 Affenstein - Zakwaterowanie Czeskiej Szwajcarii -apartamenty, wellness, przewodnik, joga, wynajem w Czeska Szwajcaria","og:description":"Dolina Kyjov, Hinterhermsdorf, wodospad Lichtenhain, Ma\u0142pi kamie\u0144 \u2013 D\u0142ugi R\u00f3g (Nordstern), tylne Jet\u0159ichovice, na Tok\u00e1n\u00ed, Doubice Wybrali\u015bmy si\u0119 na t\u0119 s\u0142ynn\u0105 ferrat\u0119 w Szwajcarii Sakso\u0144skiej. C\u00f3\u017c Ci napisz\u0119, Parkowanie przy wodospadzie Lichtenhain w sezonie nie jest \u0142atwym zadaniem. Dlatego zostawiamy rowery przy drogowskazie Unterer Affensteinweg. Ferrat\u0119 mo\u017cna przenosi\u0107 bez zabezpieczenia. Je\u015bli masz ochron\u0119, we\u017a j\u0105. Wspinamy","og:url":"https:\/\/cottage.cz\/pl\/ferata-affenstein\/","og:image":"https:\/\/cottage.cz\/wp-content\/uploads\/2018\/03\/logocottage2.png","og:image:secure_url":"https:\/\/cottage.cz\/wp-content\/uploads\/2018\/03\/logocottage2.png","og:image:width":200,"og:image:height":201,"article:published_time":"2024-01-15T09:46:53+00:00","article:modified_time":"2024-01-15T09:47:14+00:00","twitter:card":"summary_large_image","twitter:title":"Ferata \u2013 Affenstein - Zakwaterowanie Czeskiej Szwajcarii -apartamenty, wellness, przewodnik, joga, wynajem w Czeska Szwajcaria","twitter:description":"Dolina Kyjov, Hinterhermsdorf, wodospad Lichtenhain, Ma\u0142pi kamie\u0144 \u2013 D\u0142ugi R\u00f3g (Nordstern), tylne Jet\u0159ichovice, na Tok\u00e1n\u00ed, Doubice Wybrali\u015bmy si\u0119 na t\u0119 s\u0142ynn\u0105 ferrat\u0119 w Szwajcarii Sakso\u0144skiej. C\u00f3\u017c Ci napisz\u0119, Parkowanie przy wodospadzie Lichtenhain w sezonie nie jest \u0142atwym zadaniem. Dlatego zostawiamy rowery przy drogowskazie Unterer Affensteinweg. Ferrat\u0119 mo\u017cna przenosi\u0107 bez zabezpieczenia. Je\u015bli masz ochron\u0119, we\u017a j\u0105. Wspinamy","twitter:image":"https:\/\/cottage.cz\/wp-content\/uploads\/2018\/03\/logocottage2.png"},"aioseo_meta_data":{"post_id":"21101","title":null,"description":null,"keywords":[],"keyphrases":{"focus":{"keyphrase":"","score":0,"analysis":{"keyphraseInTitle":{"score":0,"maxScore":9,"error":1}}},"additional":[]},"primary_term":null,"canonical_url":null,"og_title":null,"og_description":null,"og_object_type":"default","og_image_type":"default","og_image_url":null,"og_image_width":null,"og_image_height":null,"og_image_custom_url":null,"og_image_custom_fields":null,"og_video":"","og_custom_url":null,"og_article_section":null,"og_article_tags":[],"twitter_use_og":false,"twitter_card":"default","twitter_image_type":"default","twitter_image_url":null,"twitter_image_custom_url":null,"twitter_image_custom_fields":null,"twitter_title":null,"twitter_description":null,"schema":{"blockGraphs":[],"customGraphs":[],"default":{"data":{"Article":[],"Course":[],"Dataset":[],"FAQPage":[],"Movie":[],"Person":[],"Product":[],"ProductReview":[],"Car":[],"Recipe":[],"Service":[],"SoftwareApplication":[],"WebPage":[]},"graphName":"BlogPosting","isEnabled":true},"graphs":[]},"schema_type":"default","schema_type_options":null,"pillar_content":false,"robots_default":true,"robots_noindex":false,"robots_noarchive":false,"robots_nosnippet":false,"robots_nofollow":false,"robots_noimageindex":false,"robots_noodp":false,"robots_notranslate":false,"robots_max_snippet":"-1","robots_max_videopreview":"-1","robots_max_imagepreview":"large","priority":null,"frequency":"default","local_seo":null,"breadcrumb_settings":null,"limit_modified_date":false,"open_ai":null,"ai":null,"created":"2024-01-15 09:46:56","updated":"2025-06-05 07:01:23","seo_analyzer_scan_date":null,"focus_keyword":null,"additional_keywords":null,"truseo_locale":null},"aioseo_breadcrumb":"<div class=\"aioseo-breadcrumbs\"><span class=\"aioseo-breadcrumb\">\n\t\t\t<a href=\"https:\/\/cottage.cz\/pl\/\" title=\"Home\">Home<\/a>\n\t\t<\/span><span class=\"aioseo-breadcrumb-separator\">&raquo;<\/span><span class=\"aioseo-breadcrumb\">\n\t\t\t<a href=\"https:\/\/cottage.cz\/pl\/wycieczki2\/\" title=\"Wycieczki\">Wycieczki<\/a>\n\t\t<\/span><span class=\"aioseo-breadcrumb-separator\">&raquo;<\/span><span class=\"aioseo-breadcrumb\">\n\t\t\tFerata \u2013 Affenstein\n\t\t<\/span><\/div>","aioseo_breadcrumb_json":[{"label":"Home","link":"https:\/\/cottage.cz\/pl\/"},{"label":"Wycieczki","link":"https:\/\/cottage.cz\/pl\/wycieczki2\/"},{"label":"Ferata \u2013 Affenstein","link":"https:\/\/cottage.cz\/pl\/ferata-affenstein\/"}],"_links":{"self":[{"href":"https:\/\/cottage.cz\/pl\/wp-json\/wp\/v2\/posts\/21101","targetHints":{"allow":["GET"]}}],"collection":[{"href":"https:\/\/cottage.cz\/pl\/wp-json\/wp\/v2\/posts"}],"about":[{"href":"https:\/\/cottage.cz\/pl\/wp-json\/wp\/v2\/types\/post"}],"author":[{"embeddable":true,"href":"https:\/\/cottage.cz\/pl\/wp-json\/wp\/v2\/users\/2"}],"replies":[{"embeddable":true,"href":"https:\/\/cottage.cz\/pl\/wp-json\/wp\/v2\/comments?post=21101"}],"version-history":[{"count":2,"href":"https:\/\/cottage.cz\/pl\/wp-json\/wp\/v2\/posts\/21101\/revisions"}],"predecessor-version":[{"id":21103,"href":"https:\/\/cottage.cz\/pl\/wp-json\/wp\/v2\/posts\/21101\/revisions\/21103"}],"wp:featuredmedia":[{"embeddable":true,"href":"https:\/\/cottage.cz\/pl\/wp-json\/wp\/v2\/media\/16265"}],"wp:attachment":[{"href":"https:\/\/cottage.cz\/pl\/wp-json\/wp\/v2\/media?parent=21101"}],"wp:term":[{"taxonomy":"category","embeddable":true,"href":"https:\/\/cottage.cz\/pl\/wp-json\/wp\/v2\/categories?post=21101"},{"taxonomy":"post_tag","embeddable":true,"href":"https:\/\/cottage.cz\/pl\/wp-json\/wp\/v2\/tags?post=21101"}],"curies":[{"name":"wp","href":"https:\/\/api.w.org\/{rel}","templated":true}]}}